{"id":38,"date":"2020-05-07T18:50:19","date_gmt":"2020-05-07T18:50:19","guid":{"rendered":"http:\/\/www.goul.eu\/da\/?p=38"},"modified":"2020-05-07T18:50:19","modified_gmt":"2020-05-07T18:50:19","slug":"klimaforandringernes-politiske-korrekthed","status":"publish","type":"post","link":"https:\/\/www.goul.eu\/da\/index.php\/2020\/05\/07\/klimaforandringernes-politiske-korrekthed\/","title":{"rendered":"Klimaforandringernes politiske korrekthed"},"content":{"rendered":"\n<p>Jeg er ikke kendt for at v\u00e6re superroyalist, snarere fortaler for at kongehuset er et historisk monument over en feudal fortid og en udemokratisk st\u00f8rrelse, men nu er vores regent kommet i veritabel modvind som f\u00f8lge af at en kritisk udtalelse om i hvor stor grad klimaforandringerne er menneskeskabte. I den forbindelse er hun blevet skydeskive hos den politiske klimafl\u00f8j. <\/p>\n\n\n\n<p>Jeg savner i klimadebatten en nuanceret beskrivelse af evidensen af de forskellige klimateorier, og jeg tror at det er samme bev\u00e6ggrunde der st\u00e5r bag regentens udtalelse.<br><\/p>\n\n\n\n<p>Ingen tvivl om at drivhuseffektteorien har stor validitet, men der er alts\u00e5 andre teorier med lige s\u00e5 stor evidens. Den danske forsker Henrik Svensmarks teorier om den kosmiske str\u00e5ling spiller<br>en rolle p\u00e5 klodens klima bliver affejet af en b\u00f8lge af italesat klimapolitisk korrekthed. Faktum er at vi bor p\u00e5 en planet der en del af et solsystem, der er en del af en galakse, der bev\u00e6ger sig rundt om et sort hul (der akkumulerer mere str\u00e5ling end millioner af nedsmeltede<br>a-kraftv\u00e6rker) i en cyklus p\u00e5 250 millioner \u00e5r. Baggrundsstr\u00e5lingen er ikke konstant i denne cyklus og det er dette Svensmarks toeri g\u00e5r ud p\u00e5.<br><\/p>\n\n\n\n<p>Jeg er ikke astrofysiker som kan validere den ene teori frem for de andre (der findes flere), men der synes at v\u00e6re en n\u00e6rmest religi\u00f8s tilslutning til drivhuseffektteorien. En fanatisk sekt f\u00f8rt an af en svensk teenager. Det er da prisv\u00e6rdigt at k\u00e6mpe for en vigtig sag, men at pege fingre af<br>andre der skulle have et andet nuanceret syn p\u00e5 sagen er absolut ikke prisv\u00e6rdigt. S\u00e5 n\u00e5r Uffe Elb\u00e6k og Mia Villadsen langer ud efter regenten er det hamrende usmageligt. Regenten har ret til sin mening.<br><\/p>\n\n\n\n<p>N\u00e5r det s\u00e5 er sagt, er det da det mest behagelige scenarie, at klimaforandringerne er menneske-<br>skabte. S\u00e5 kan vi da i det mindste handle p\u00e5 situationen.<\/p>\n","protected":false},"excerpt":{"rendered":"<p>Jeg er ikke kendt for at v\u00e6re superroyalist, snarere fortaler for at kongehuset er et historisk monument over en feudal fortid og en udemokratisk st\u00f8rrelse, men nu er vores regent kommet i veritabel modvind som&#8230;<\/p>\n","protected":false},"author":1,"featured_media":0,"comment_status":"open","ping_status":"open","sticky":false,"template":"","format":"standard","meta":{"footnotes":""},"categories":[19,36,14,11],"tags":[],"class_list":["post-38","post","type-post","status-publish","format-standard","hentry","category-global","category-klima","category-krise","category-oekonomi"],"_links":{"self":[{"href":"https:\/\/www.goul.eu\/da\/index.php\/wp-json\/wp\/v2\/posts\/38","targetHints":{"allow":["GET"]}}],"collection":[{"href":"https:\/\/www.goul.eu\/da\/index.php\/wp-json\/wp\/v2\/posts"}],"about":[{"href":"https:\/\/www.goul.eu\/da\/index.php\/wp-json\/wp\/v2\/types\/post"}],"author":[{"embeddable":true,"href":"https:\/\/www.goul.eu\/da\/index.php\/wp-json\/wp\/v2\/users\/1"}],"replies":[{"embeddable":true,"href":"https:\/\/www.goul.eu\/da\/index.php\/wp-json\/wp\/v2\/comments?post=38"}],"version-history":[{"count":1,"href":"https:\/\/www.goul.eu\/da\/index.php\/wp-json\/wp\/v2\/posts\/38\/revisions"}],"predecessor-version":[{"id":39,"href":"https:\/\/www.goul.eu\/da\/index.php\/wp-json\/wp\/v2\/posts\/38\/revisions\/39"}],"wp:attachment":[{"href":"https:\/\/www.goul.eu\/da\/index.php\/wp-json\/wp\/v2\/media?parent=38"}],"wp:term":[{"taxonomy":"category","embeddable":true,"href":"https:\/\/www.goul.eu\/da\/index.php\/wp-json\/wp\/v2\/categories?post=38"},{"taxonomy":"post_tag","embeddable":true,"href":"https:\/\/www.goul.eu\/da\/index.php\/wp-json\/wp\/v2\/tags?post=38"}],"curies":[{"name":"wp","href":"https:\/\/api.w.org\/{rel}","templated":true}]}}